{"id":7888,"date":"2019-02-15T10:44:35","date_gmt":"2019-02-15T02:44:35","guid":{"rendered":"http:\/\/kkv.q-23.cn\/\/?p=7888"},"modified":"2019-02-15T10:44:35","modified_gmt":"2019-02-15T02:44:35","slug":"%e5%8f%a6%e4%b8%80%e9%9d%a2-la-otra-mirada-2018","status":"publish","type":"post","link":"http:\/\/kkv.q-23.cn\/?p=7888","title":{"rendered":"[\u53e6\u4e00\u9762][2018][\u5168\u96c6][\u897f\u73ed\u7259\u5267]"},"content":{"rendered":"<p><span class=\"actor\"><span class=\"pl\">\u4e3b\u6f14<\/span>:\u00a0<span class=\"attrs\"><a href=\"https:\/\/movie.douban.com\/subject_search?search_text=%C3%81lvaro%20Mel\" rel=\"v:starring\">\u00c1lvaro Mel<\/a>\u00a0\/\u00a0<a href=\"https:\/\/movie.douban.com\/subject_search?search_text=Jos%C3%A9%20Pastor\" rel=\"v:starring\">Jos\u00e9 Pastor<\/a>\u00a0\/\u00a0<a href=\"https:\/\/movie.douban.com\/subject_search?search_text=Patricia%20L%C3%B3pez%20Arnaiz\" rel=\"v:starring\">Patricia L\u00f3pez Arnaiz<\/a>\u00a0\/\u00a0<a href=\"https:\/\/movie.douban.com\/subject_search?search_text=Macarena%20Garc%C3%ADa\" rel=\"v:starring\">Macarena Garc\u00eda<\/a><\/span><\/span><br \/>\n<span class=\"pl\">\u7c7b\u578b:<\/span>\u00a0\u5267\u60c5\u00a0\/\u00a0\u60ac\u7591\u00a0\/\u00a0\u5386\u53f2<br \/>\n<span class=\"pl\">\u5b98\u65b9\u7f51\u7ad9:<\/span>\u00a0<a href=\"http:\/\/www.rtve.es\/television\/la-otra-mirada\/\" target=\"_blank\" rel=\"nofollow noopener\">www.rtve.es\/television\/la-otra-mirada\/<\/a><br \/>\n<span class=\"pl\">\u5236\u7247\u56fd\u5bb6\/\u5730\u533a:<\/span>\u00a0\u897f\u73ed\u7259<br \/>\n<span class=\"pl\">\u8bed\u8a00:<\/span>\u00a0\u897f\u73ed\u7259\u8bed<br \/>\n<span class=\"pl\">\u9996\u64ad:<\/span>\u00a02018-04-25(\u897f\u73ed\u7259)<br \/>\n<span class=\"pl\">\u96c6\u6570:<\/span>\u00a013<br \/>\n<span class=\"pl\">\u5355\u96c6\u7247\u957f:<\/span>\u00a060\u5206\u949f<br \/>\n<span class=\"pl\">IMDb\u94fe\u63a5:<\/span>\u00a0<a href=\"http:\/\/www.imdb.com\/title\/tt7905548\" target=\"_blank\" rel=\"nofollow noopener\">tt7905548<\/a><\/p>\n<p><img alt=\"La Otra Mirada\" \/><\/p>\n<h4>\u53e6\u4e00\u9762\u7684\u5267\u60c5\u7b80\u4ecb\u00a0\u00b7 \u00b7 \u00b7 \u00b7 \u00b7 \u00b7<\/h4>\n<div id=\"link-report\" class=\"indent\"><span class=\"short\">Sevilla, 1920. Teresa, una mujer de cuarenta a\u00f1os, llega a Sevilla huyendo del misterioso asesinato del embajador espa\u00f1ol en Lisboa y tras la pista de un nombre: Roberta Luna, una alumna de la academia de se\u00f1oritas de la ciudad. Intentando recabar informaci\u00f3n sobre la joven, Teresa decide hacerse pasar por profesora y solicita plaza en la Academia. Tras sorprender a la nueva di...\u00a0<a class=\"j a_show_full\">(\u5c55\u5f00\u5168\u90e8)<\/a><\/span><\/div>\n<div>\n<hr \/>\n<\/div>\n<div>\u8d44\u6e90<\/div>\n<div>\u89c6\u9891\uff1a<a href=\"https:\/\/pan.baidu.com\/s\/1x26lWdWng-IXjJOgX1AfTQ\">\u767e\u5ea6\u7f51\u76d8<\/a>\u00a0 \u00a0 \u63d0\u53d6\u7801\uff1a1234<\/div>\n","protected":false},"excerpt":{"rendered":"<p>\u4e3b\u6f14:\u00a0\u00c1lvaro Mel\u00a0\/\u00a0Jos\u00e9 Pastor\u00a0\/\u00a0Patricia L\u00f3pez Ar<\/p>\n","protected":false},"author":1,"featured_media":0,"comment_status":"open","ping_status":"open","sticky":false,"template":"","format":"standard","meta":[],"categories":[],"tags":[],"class_list":["post-7888","post","type-post","status-publish","format-standard","hentry"],"_links":{"self":[{"href":"http:\/\/kkv.q-23.cn\/index.php?rest_route=\/wp\/v2\/posts\/7888","targetHints":{"allow":["GET"]}}],"collection":[{"href":"http:\/\/kkv.q-23.cn\/index.php?rest_route=\/wp\/v2\/posts"}],"about":[{"href":"http:\/\/kkv.q-23.cn\/index.php?rest_route=\/wp\/v2\/types\/post"}],"author":[{"embeddable":true,"href":"http:\/\/kkv.q-23.cn\/index.php?rest_route=\/wp\/v2\/users\/1"}],"replies":[{"embeddable":true,"href":"http:\/\/kkv.q-23.cn\/index.php?rest_route=%2Fwp%2Fv2%2Fcomments&post=7888"}],"version-history":[{"count":0,"href":"http:\/\/kkv.q-23.cn\/index.php?rest_route=\/wp\/v2\/posts\/7888\/revisions"}],"wp:attachment":[{"href":"http:\/\/kkv.q-23.cn\/index.php?rest_route=%2Fwp%2Fv2%2Fmedia&parent=7888"}],"wp:term":[{"taxonomy":"category","embeddable":true,"href":"http:\/\/kkv.q-23.cn\/index.php?rest_route=%2Fwp%2Fv2%2Fcategories&post=7888"},{"taxonomy":"post_tag","embeddable":true,"href":"http:\/\/kkv.q-23.cn\/index.php?rest_route=%2Fwp%2Fv2%2Ftags&post=7888"}],"curies":[{"name":"wp","href":"https:\/\/api.w.org\/{rel}","templated":true}]}}